{"id":29783,"date":"2024-12-19T18:02:10","date_gmt":"2024-12-19T18:02:10","guid":{"rendered":"https:\/\/www.leitao-irmao.com\/?post_type=press_&#038;p=29783"},"modified":"2024-12-19T18:02:10","modified_gmt":"2024-12-19T18:02:10","slug":"como-usar-o-prateado-nos-looks-de-verao","status":"publish","type":"press_","link":"https:\/\/staging.leitao-irmao.com\/en\/press_\/como-usar-o-prateado-nos-looks-de-verao\/","title":{"rendered":"How to incorporate silver into your summer outfits"},"content":{"rendered":"","protected":false},"excerpt":{"rendered":"<p>New pairings with basics bring shine into everyday life. No excuses for not wearing or storing metallics\u2014these updated pieces with renewed energy are ready for the streets. In silver tones, they add brightness and lightness to the summer season.<\/p>","protected":false},"author":1,"featured_media":27261,"menu_order":0,"template":"","format":"standard","meta":{"_acf_changed":false,"footnotes":""},"categories":[],"tags":[],"class_list":["post-29783","press_","type-press_","status-publish","format-standard","has-post-thumbnail","hentry"],"acf":[],"yoast_head":"<!-- This site is optimized with the Yoast SEO plugin v25.4 - https:\/\/yoast.com\/wordpress\/plugins\/seo\/ -->\n<title>Como usar o prateado nos looks de ver\u00e3o | Leit\u00e3o &amp; Irm\u00e3o<\/title>\n<meta name=\"robots\" content=\"noindex, follow, max-snippet:-1, max-image-preview:large, max-video-preview:-1\" \/>\n<meta property=\"og:locale\" content=\"en_GB\" \/>\n<meta property=\"og:type\" content=\"article\" \/>\n<meta property=\"og:title\" content=\"Como usar o prateado nos looks de ver\u00e3o | Leit\u00e3o &amp; Irm\u00e3o\" \/>\n<meta property=\"og:description\" content=\"Novas conjuga\u00e7\u00f5es com b\u00e1sicos transportam o brilho para o dia-a-dia. Sem desculpas para n\u00e3o usar, ou guardar, os metalizados saem \u00e0 rua atualizados e com energias renovadas. Em tons de prata acrescentam luz e leveza \u00e0 esta\u00e7\u00e3o solar.\" \/>\n<meta property=\"og:url\" content=\"https:\/\/staging.leitao-irmao.com\/en\/press_\/como-usar-o-prateado-nos-looks-de-verao\/\" \/>\n<meta property=\"og:site_name\" content=\"Leit\u00e3o &amp; Irm\u00e3o\" \/>\n<meta property=\"og:image\" content=\"https:\/\/staging.leitao-irmao.com\/wp-content\/uploads\/2024\/09\/img_660x12002024_08_07_09_31_04_458713.png\" \/>\n\t<meta property=\"og:image:width\" content=\"660\" \/>\n\t<meta property=\"og:image:height\" content=\"660\" \/>\n\t<meta property=\"og:image:type\" content=\"image\/png\" \/>\n<meta name=\"twitter:card\" content=\"summary_large_image\" \/>\n<meta name=\"twitter:label1\" content=\"Estimated reading time\" \/>\n\t<meta name=\"twitter:data1\" content=\"1 minute\" \/>\n<script type=\"application\/ld+json\" class=\"yoast-schema-graph\">{\"@context\":\"https:\/\/schema.org\",\"@graph\":[{\"@type\":\"WebPage\",\"@id\":\"https:\/\/staging.leitao-irmao.com\/press_\/como-usar-o-prateado-nos-looks-de-verao\/\",\"url\":\"https:\/\/staging.leitao-irmao.com\/press_\/como-usar-o-prateado-nos-looks-de-verao\/\",\"name\":\"Como usar o prateado nos looks de ver\u00e3o | Leit\u00e3o &amp; Irm\u00e3o\",\"isPartOf\":{\"@id\":\"https:\/\/staging.leitao-irmao.com\/#website\"},\"primaryImageOfPage\":{\"@id\":\"https:\/\/staging.leitao-irmao.com\/press_\/como-usar-o-prateado-nos-looks-de-verao\/#primaryimage\"},\"image\":{\"@id\":\"https:\/\/staging.leitao-irmao.com\/press_\/como-usar-o-prateado-nos-looks-de-verao\/#primaryimage\"},\"thumbnailUrl\":\"https:\/\/staging.leitao-irmao.com\/wp-content\/uploads\/2024\/09\/img_660x12002024_08_07_09_31_04_458713.png\",\"datePublished\":\"2024-12-19T18:02:10+00:00\",\"breadcrumb\":{\"@id\":\"https:\/\/staging.leitao-irmao.com\/press_\/como-usar-o-prateado-nos-looks-de-verao\/#breadcrumb\"},\"inLanguage\":\"en-GB\",\"potentialAction\":[{\"@type\":\"ReadAction\",\"target\":[\"https:\/\/staging.leitao-irmao.com\/press_\/como-usar-o-prateado-nos-looks-de-verao\/\"]}]},{\"@type\":\"ImageObject\",\"inLanguage\":\"en-GB\",\"@id\":\"https:\/\/staging.leitao-irmao.com\/press_\/como-usar-o-prateado-nos-looks-de-verao\/#primaryimage\",\"url\":\"https:\/\/staging.leitao-irmao.com\/wp-content\/uploads\/2024\/09\/img_660x12002024_08_07_09_31_04_458713.png\",\"contentUrl\":\"https:\/\/staging.leitao-irmao.com\/wp-content\/uploads\/2024\/09\/img_660x12002024_08_07_09_31_04_458713.png\",\"width\":660,\"height\":660},{\"@type\":\"BreadcrumbList\",\"@id\":\"https:\/\/staging.leitao-irmao.com\/press_\/como-usar-o-prateado-nos-looks-de-verao\/#breadcrumb\",\"itemListElement\":[{\"@type\":\"ListItem\",\"position\":1,\"name\":\"Home\",\"item\":\"https:\/\/staging.leitao-irmao.com\/\"},{\"@type\":\"ListItem\",\"position\":2,\"name\":\"Como usar o prateado nos looks de ver\u00e3o\"}]},{\"@type\":\"WebSite\",\"@id\":\"https:\/\/staging.leitao-irmao.com\/#website\",\"url\":\"https:\/\/staging.leitao-irmao.com\/\",\"name\":\"Leit\u00e3o & Irm\u00e3o\",\"description\":\"Joalheiros desde 1822\",\"publisher\":{\"@id\":\"https:\/\/staging.leitao-irmao.com\/#organization\"},\"potentialAction\":[{\"@type\":\"SearchAction\",\"target\":{\"@type\":\"EntryPoint\",\"urlTemplate\":\"https:\/\/staging.leitao-irmao.com\/?s={search_term_string}\"},\"query-input\":{\"@type\":\"PropertyValueSpecification\",\"valueRequired\":true,\"valueName\":\"search_term_string\"}}],\"inLanguage\":\"en-GB\"},{\"@type\":\"Organization\",\"@id\":\"https:\/\/staging.leitao-irmao.com\/#organization\",\"name\":\"Leit\u00e3o & Irm\u00e3o\",\"url\":\"https:\/\/staging.leitao-irmao.com\/\",\"logo\":{\"@type\":\"ImageObject\",\"inLanguage\":\"en-GB\",\"@id\":\"https:\/\/staging.leitao-irmao.com\/#\/schema\/logo\/image\/\",\"url\":\"https:\/\/staging.leitao-irmao.com\/wp-content\/uploads\/2022\/11\/leitaoirmao-logo.png\",\"contentUrl\":\"https:\/\/staging.leitao-irmao.com\/wp-content\/uploads\/2022\/11\/leitaoirmao-logo.png\",\"width\":426,\"height\":89,\"caption\":\"Leit\u00e3o & Irm\u00e3o\"},\"image\":{\"@id\":\"https:\/\/staging.leitao-irmao.com\/#\/schema\/logo\/image\/\"}}]}<\/script>\n<!-- \/ Yoast SEO plugin. -->","yoast_head_json":{"title":"Como usar o prateado nos looks de ver\u00e3o | Leit\u00e3o &amp; Irm\u00e3o","robots":{"index":"noindex","follow":"follow","max-snippet":"max-snippet:-1","max-image-preview":"max-image-preview:large","max-video-preview":"max-video-preview:-1"},"og_locale":"en_GB","og_type":"article","og_title":"Como usar o prateado nos looks de ver\u00e3o | Leit\u00e3o &amp; Irm\u00e3o","og_description":"Novas conjuga\u00e7\u00f5es com b\u00e1sicos transportam o brilho para o dia-a-dia. Sem desculpas para n\u00e3o usar, ou guardar, os metalizados saem \u00e0 rua atualizados e com energias renovadas. Em tons de prata acrescentam luz e leveza \u00e0 esta\u00e7\u00e3o solar.","og_url":"https:\/\/staging.leitao-irmao.com\/en\/press_\/como-usar-o-prateado-nos-looks-de-verao\/","og_site_name":"Leit\u00e3o &amp; Irm\u00e3o","og_image":[{"width":660,"height":660,"url":"https:\/\/staging.leitao-irmao.com\/wp-content\/uploads\/2024\/09\/img_660x12002024_08_07_09_31_04_458713.png","type":"image\/png"}],"twitter_card":"summary_large_image","twitter_misc":{"Estimated reading time":"1 minute"},"schema":{"@context":"https:\/\/schema.org","@graph":[{"@type":"WebPage","@id":"https:\/\/staging.leitao-irmao.com\/press_\/como-usar-o-prateado-nos-looks-de-verao\/","url":"https:\/\/staging.leitao-irmao.com\/press_\/como-usar-o-prateado-nos-looks-de-verao\/","name":"Como usar o prateado nos looks de ver\u00e3o | Leit\u00e3o &amp; Irm\u00e3o","isPartOf":{"@id":"https:\/\/staging.leitao-irmao.com\/#website"},"primaryImageOfPage":{"@id":"https:\/\/staging.leitao-irmao.com\/press_\/como-usar-o-prateado-nos-looks-de-verao\/#primaryimage"},"image":{"@id":"https:\/\/staging.leitao-irmao.com\/press_\/como-usar-o-prateado-nos-looks-de-verao\/#primaryimage"},"thumbnailUrl":"https:\/\/staging.leitao-irmao.com\/wp-content\/uploads\/2024\/09\/img_660x12002024_08_07_09_31_04_458713.png","datePublished":"2024-12-19T18:02:10+00:00","breadcrumb":{"@id":"https:\/\/staging.leitao-irmao.com\/press_\/como-usar-o-prateado-nos-looks-de-verao\/#breadcrumb"},"inLanguage":"en-GB","potentialAction":[{"@type":"ReadAction","target":["https:\/\/staging.leitao-irmao.com\/press_\/como-usar-o-prateado-nos-looks-de-verao\/"]}]},{"@type":"ImageObject","inLanguage":"en-GB","@id":"https:\/\/staging.leitao-irmao.com\/press_\/como-usar-o-prateado-nos-looks-de-verao\/#primaryimage","url":"https:\/\/staging.leitao-irmao.com\/wp-content\/uploads\/2024\/09\/img_660x12002024_08_07_09_31_04_458713.png","contentUrl":"https:\/\/staging.leitao-irmao.com\/wp-content\/uploads\/2024\/09\/img_660x12002024_08_07_09_31_04_458713.png","width":660,"height":660},{"@type":"BreadcrumbList","@id":"https:\/\/staging.leitao-irmao.com\/press_\/como-usar-o-prateado-nos-looks-de-verao\/#breadcrumb","itemListElement":[{"@type":"ListItem","position":1,"name":"Home","item":"https:\/\/staging.leitao-irmao.com\/"},{"@type":"ListItem","position":2,"name":"Como usar o prateado nos looks de ver\u00e3o"}]},{"@type":"WebSite","@id":"https:\/\/staging.leitao-irmao.com\/#website","url":"https:\/\/staging.leitao-irmao.com\/","name":"Leit\u00e3o & Irm\u00e3o","description":"Joalheiros desde 1822","publisher":{"@id":"https:\/\/staging.leitao-irmao.com\/#organization"},"potentialAction":[{"@type":"SearchAction","target":{"@type":"EntryPoint","urlTemplate":"https:\/\/staging.leitao-irmao.com\/?s={search_term_string}"},"query-input":{"@type":"PropertyValueSpecification","valueRequired":true,"valueName":"search_term_string"}}],"inLanguage":"en-GB"},{"@type":"Organization","@id":"https:\/\/staging.leitao-irmao.com\/#organization","name":"Leit\u00e3o & Irm\u00e3o","url":"https:\/\/staging.leitao-irmao.com\/","logo":{"@type":"ImageObject","inLanguage":"en-GB","@id":"https:\/\/staging.leitao-irmao.com\/#\/schema\/logo\/image\/","url":"https:\/\/staging.leitao-irmao.com\/wp-content\/uploads\/2022\/11\/leitaoirmao-logo.png","contentUrl":"https:\/\/staging.leitao-irmao.com\/wp-content\/uploads\/2022\/11\/leitaoirmao-logo.png","width":426,"height":89,"caption":"Leit\u00e3o & Irm\u00e3o"},"image":{"@id":"https:\/\/staging.leitao-irmao.com\/#\/schema\/logo\/image\/"}}]}},"_links":{"self":[{"href":"https:\/\/staging.leitao-irmao.com\/en\/wp-json\/wp\/v2\/press_\/29783","targetHints":{"allow":["GET"]}}],"collection":[{"href":"https:\/\/staging.leitao-irmao.com\/en\/wp-json\/wp\/v2\/press_"}],"about":[{"href":"https:\/\/staging.leitao-irmao.com\/en\/wp-json\/wp\/v2\/types\/press_"}],"author":[{"embeddable":true,"href":"https:\/\/staging.leitao-irmao.com\/en\/wp-json\/wp\/v2\/users\/1"}],"version-history":[{"count":0,"href":"https:\/\/staging.leitao-irmao.com\/en\/wp-json\/wp\/v2\/press_\/29783\/revisions"}],"wp:featuredmedia":[{"embeddable":true,"href":"https:\/\/staging.leitao-irmao.com\/en\/wp-json\/wp\/v2\/media\/27261"}],"wp:attachment":[{"href":"https:\/\/staging.leitao-irmao.com\/en\/wp-json\/wp\/v2\/media?parent=29783"}],"wp:term":[{"taxonomy":"category","embeddable":true,"href":"https:\/\/staging.leitao-irmao.com\/en\/wp-json\/wp\/v2\/categories?post=29783"},{"taxonomy":"post_tag","embeddable":true,"href":"https:\/\/staging.leitao-irmao.com\/en\/wp-json\/wp\/v2\/tags?post=29783"}],"curies":[{"name":"wp","href":"https:\/\/api.w.org\/{rel}","templated":true}]}}